{"id":350,"date":"2021-09-23T12:03:18","date_gmt":"2021-09-23T12:03:18","guid":{"rendered":"http:\/\/www.kordesder.org.tr\/?p=350"},"modified":"2021-09-23T12:08:31","modified_gmt":"2021-09-23T12:08:31","slug":"engellilerin-faydalanabilecegi-su-telefon-ve-internet-indirimleri","status":"publish","type":"post","link":"https:\/\/www.kordesder.org.tr\/?p=350","title":{"rendered":"Engellilerin Faydalanabilece\u011fi Su, Telefon ve \u0130nternet \u0130ndirimleri"},"content":{"rendered":"\n<p><strong>Su \u0130ndirimi<\/strong><\/p>\n\n\n\n<p>Her belediye su indirimini en az %30 oran\u0131nda uygulamak zorundad\u0131r. Bu indirimi yapmayan belediyeler i\u00e7in \u015fikayet hakk\u0131n\u0131z\u0131 kullan\u0131n\u0131z.<\/p>\n\n\n\n<p>Ankara\u2019da su indiriminden (%50 oran\u0131nda) yararlanmak i\u00e7in 18 ya\u015f\u0131n\u0131 doldurmak gerekmektedir. Ev sahibi, kirac\u0131lar ve lojmanda oturanlar su indirimi yapt\u0131rabilirler. Ev sahipleri ve kirac\u0131lar\u0131n evin deprem sigortas\u0131 belgesini g\u00f6stermeleri gerekmektedir.<\/p>\n\n\n\n<p><em>Elektrik ve do\u011falgazda indirim yoktur.<\/em><\/p>\n\n\n\n<p><strong>Digit\u00fcrk \u0130ndirimi<\/strong><\/p>\n\n\n\n<p>% 50 indirimlidir. Bilgi i\u00e7in (212) 4737373 aray\u0131n\u0131z.<\/p>\n\n\n\n<p><strong>T\u00fcrk Telekom Sosyal Tarife<\/strong><\/p>\n\n\n\n<p>T\u00fcrk Telekom Sosyal Tarife engelliler i\u00e7in d\u00fczenlenmi\u015ftir.<\/p>\n\n\n\n<p>Ba\u015fvuru i\u00e7in engelli raporu, n\u00fcfus ka\u011f\u0131d\u0131 fotokopisi gereklidir. \u0130lgili Telekom Merkezine engelli birey ile ya da vasi karar\u0131 ile ba\u015fvuru yapmal\u0131s\u0131n\u0131z.<\/p>\n\n\n\n<p><strong>TTNET ve Fiber \u0130nternet<\/strong><\/p>\n\n\n\n<p>Ya\u015f s\u0131n\u0131r\u0131 olmaks\u0131z\u0131n %25 indirimlidir. Bu indirimden yararlanmak i\u00e7in T\u00fcrk Telekom\u2019u arayabilirsiniz. (444 0 375)<\/p>\n\n\n\n<p><strong>Uydunet ve Turkcell S\u00fcperonline<\/strong><\/p>\n\n\n\n<p>Bu hizmetlerde %25 indirim mevcuttur.<\/p>\n\n\n\n<p><strong>Cep Telefonu Hizmetlerinde \u0130ndirim<\/strong><\/p>\n\n\n\n<p>Turkcell, T\u00fcrk Telekom ve Vodafone&#8217;da engellilere \u00f6zel tarifeler mevcuttur.<\/p>\n","protected":false},"excerpt":{"rendered":"<p>Su \u0130ndirimi Her belediye su indirimini en az %30 oran\u0131nda uygulamak zorundad\u0131r. Bu indirimi yapmayan belediyeler i\u00e7in \u015fikayet hakk\u0131n\u0131z\u0131 kullan\u0131n\u0131z. Ankara\u2019da su indiriminden (%50 oran\u0131nda) yararlanmak i\u00e7in 18 ya\u015f\u0131n\u0131 doldurmak gerekmektedir. Ev sahibi, kirac\u0131lar ve lojmanda oturanlar su indirimi yapt\u0131rabilirler. Ev sahipleri ve kirac\u0131lar\u0131n evin deprem sigortas\u0131 belgesini g\u00f6stermeleri gerekmektedir. Elektrik ve do\u011falgazda indirim yoktur.&hellip;<\/p>\n","protected":false},"author":1,"featured_media":0,"comment_status":"closed","ping_status":"closed","sticky":false,"template":"","format":"standard","meta":[],"categories":[8],"tags":[],"_links":{"self":[{"href":"https:\/\/www.kordesder.org.tr\/index.php?rest_route=\/wp\/v2\/posts\/350"}],"collection":[{"href":"https:\/\/www.kordesder.org.tr\/index.php?rest_route=\/wp\/v2\/posts"}],"about":[{"href":"https:\/\/www.kordesder.org.tr\/index.php?rest_route=\/wp\/v2\/types\/post"}],"author":[{"embeddable":true,"href":"https:\/\/www.kordesder.org.tr\/index.php?rest_route=\/wp\/v2\/users\/1"}],"replies":[{"embeddable":true,"href":"https:\/\/www.kordesder.org.tr\/index.php?rest_route=%2Fwp%2Fv2%2Fcomments&post=350"}],"version-history":[{"count":0,"href":"https:\/\/www.kordesder.org.tr\/index.php?rest_route=\/wp\/v2\/posts\/350\/revisions"}],"wp:attachment":[{"href":"https:\/\/www.kordesder.org.tr\/index.php?rest_route=%2Fwp%2Fv2%2Fmedia&parent=350"}],"wp:term":[{"taxonomy":"category","embeddable":true,"href":"https:\/\/www.kordesder.org.tr\/index.php?rest_route=%2Fwp%2Fv2%2Fcategories&post=350"},{"taxonomy":"post_tag","embeddable":true,"href":"https:\/\/www.kordesder.org.tr\/index.php?rest_route=%2Fwp%2Fv2%2Ftags&post=350"}],"curies":[{"name":"wp","href":"https:\/\/api.w.org\/{rel}","templated":true}]}}